{"id":1980,"date":"2023-08-31T09:00:00","date_gmt":"2023-08-31T07:00:00","guid":{"rendered":"https:\/\/maspanales.com\/blog\/?p=1980"},"modified":"2023-08-31T09:00:00","modified_gmt":"2023-08-31T07:00:00","slug":"preparando-a-tu-bebe-para-la-separacion","status":"publish","type":"post","link":"https:\/\/maspanales.com\/blog\/preparando-a-tu-bebe-para-la-separacion\/","title":{"rendered":"Preparando a tu Beb\u00e9 para la Separaci\u00f3n:                                               10 tips infalibles para facilitar los Primeros Pasos en la Guarder\u00eda"},"content":{"rendered":"\n<p>El comienzo de la guarder\u00eda marca un emocionante hito en la vida de tu beb\u00e9, pero tambi\u00e9n puede venir acompa\u00f1ado de sentimientos de ansiedad tanto para los padres como para el peque\u00f1o. La preparaci\u00f3n para la separaci\u00f3n es clave para que esta transici\u00f3n sea suave y positiva para todos. Aqu\u00ed te presentamos consejos \u00fatiles para preparar a tu beb\u00e9 para esta nueva etapa.<\/p>\n\n\n\n<h3 class=\"wp-block-heading\"><strong>1. Introduce el Entorno de la Guarder\u00eda:<\/strong><\/h3>\n\n\n\n<p>\u00e7Antes de que comience el primer d\u00eda, considera la posibilidad de visitar la guarder\u00eda con tu beb\u00e9. Deja que explore el lugar, conozca a los cuidadores y se familiarice con el entorno, de esta manera al estar en tu compa\u00f1\u00eda y sentir la seguridad que le ofrece tu compa\u00f1\u00eda, ir\u00e1 generando una asociaci\u00f3n positiva con ese nuevo espacio.<\/p>\n\n\n\n<h3 class=\"wp-block-heading\"><strong><strong>2. Crea una Rutina de Conversaci\u00f3n:<\/strong><\/strong><\/h3>\n\n\n\n<p class=\"has-medium-font-size\">Habla con tu beb\u00e9 sobre la guarder\u00eda de manera positiva y emocionante. Mencionar los nombres de los cuidadores y hablar sobre las actividades que har\u00e1 all\u00ed puede ayudar a construir anticipaci\u00f3n.<\/p>\n\n\n\n<h3 class=\"wp-block-heading\"><strong>3. Practica la Separaci\u00f3n en Casa:<\/strong><\/h3>\n\n\n\n<p class=\"has-medium-font-size\">Practicar momentos cortos de separaci\u00f3n en casa puede ayudar a tu beb\u00e9 a acostumbrarse a la idea de estar lejos de ti. Deja que un familiar o amigo cuide al beb\u00e9 durante breves per\u00edodos.&nbsp; Si puedes, hazlo de manera progresiva, de menor tiempo a mayor tiempo, as\u00ed tu peque entender\u00e1 que existen momentos en los que no est\u00e1s t\u00fa, pero que al final siempre volver\u00e1s.<\/p>\n\n\n\n<h3 class=\"wp-block-heading\"><strong>4. Establece una Rutina de Despedida:<\/strong><\/h3>\n\n\n\n<p class=\"has-medium-font-size\">Crea una rutina de despedida consistente al dejar a tu beb\u00e9 en la guarder\u00eda. Puede ser un beso, una canci\u00f3n o un gesto especial que le haga sentir que est\u00e1s cerca incluso cuando no est\u00e1s. Pon a volar tu imaginaci\u00f3n y convierte esta rutina es un bonito recuerdo que quedar\u00e1 siempre en vuestra mente y coraz\u00f3n.<\/p>\n\n\n\n<h3 class=\"wp-block-heading\"><strong>5. Empieza con Sesiones Cortas:<\/strong><\/h3>\n\n\n\n<p class=\"has-medium-font-size\">Si es posible, en lugar de un d\u00eda completo, comienza con sesiones m\u00e1s cortas en la guarder\u00eda. Esto ayuda a tu beb\u00e9 a acostumbrarse gradualmente al nuevo entorno y a la separaci\u00f3n de manera m\u00e1s gradual.<\/p>\n\n\n\n<h3 class=\"wp-block-heading\"><strong>6. Deja un Objeto Reconfortante:<\/strong><\/h3>\n\n\n\n<p class=\"has-medium-font-size\">Permitir que tu beb\u00e9 lleve consigo un objeto reconfortante, como un juguete o una manta, puede brindarle consuelo durante el tiempo que est\u00e9 en la guarder\u00eda.<\/p>\n\n\n\n<h3 class=\"wp-block-heading\"><strong>7. Establece una Comunicaci\u00f3n Abierta<\/strong>:<\/h3>\n\n\n\n<p class=\"has-medium-font-size\">Mant\u00e9n una comunicaci\u00f3n constante con los cuidadores de la guarder\u00eda. Pregunta sobre el progreso de tu beb\u00e9 y comparte informaci\u00f3n sobre sus rutinas y preferencias.<\/p>\n\n\n\n<h3 class=\"wp-block-heading\"><strong>8. Respeta las Emociones:<\/strong><\/h3>\n\n\n\n<p class=\"has-medium-font-size\">Si tu beb\u00e9 llora al separarse, es normal. Las l\u00e1grimas son una forma de expresi\u00f3n y pueden disminuir con el tiempo a medida que se acostumbra.<\/p>\n\n\n\n<h3 class=\"wp-block-heading\"><strong>9. Mant\u00e9n la Calma:<\/strong><\/h3>\n\n\n\n<p class=\"has-medium-font-size\">Tu beb\u00e9 puede sentir tu energ\u00eda, as\u00ed que mant\u00e9n la calma y el optimismo al despedirte. Una actitud positiva puede influir en c\u00f3mo tu beb\u00e9 percibe la separaci\u00f3n.<\/p>\n\n\n\n<h2 class=\"wp-block-heading\"><strong>10. Celebra los Logros<\/strong>:<\/h2>\n\n\n\n<p class=\"has-medium-font-size\">Celebra los peque\u00f1os logros de tu beb\u00e9 en la guarder\u00eda. Reconoce su valent\u00eda y esfuerzo al adaptarse a este nuevo entorno.<\/p>\n\n\n\n<p class=\"has-medium-font-size\">Recuerda que cada beb\u00e9 es \u00fanico y puede tener diferentes niveles de adaptaci\u00f3n. La preparaci\u00f3n y la paciencia son clave durante este proceso. Con el tiempo, la guarder\u00eda puede convertirse en un lugar emocionante y enriquecedor para tu beb\u00e9, donde aprender\u00e1, crecer\u00e1 y construir\u00e1 nuevas relaciones.<\/p>\n\n\n\n<p class=\"has-medium-font-size\">No te olvides nunca de disfrutar esta hermosa etapa y recueda: \u00a1lo est\u00e1s haciendo genial! <\/p>\n\n\n\n<h3 class=\"wp-block-heading\"><strong>AP\u00d3YATE EN M\u00c1S PA\u00d1ALES<\/strong><\/h3>\n\n\n\n<p class=\"has-medium-font-size\">Si cuentas con los productos de&nbsp;<strong>M\u00e1s Pa\u00f1ales<\/strong>&nbsp;en el crecimiento de tu peque\u00f1o, conseguir\u00e1s asegurar tu bienestar y el del beb\u00e9. Adem\u00e1s, podr\u00e1s encontrar un amplio cat\u00e1logo de productos tanto para tu beb\u00e9 como para ti, desde la propia higiene del peque (pa\u00f1ales o toallitas) hasta m\u00e1s productos de alimentaci\u00f3n, juguetes y productos pr\u00e1cticos que necesitar\u00e9is en vuestra vida diaria. \u00a1Todo al mejor precio! Porque el bienestar y los cuidados de tu peque nunca deben estar condicionados con un precio.&nbsp;<strong>Visita M\u00e1s Pa\u00f1ales&nbsp;y consigue los mejores productos para tu beb\u00e9&nbsp;<\/strong>con una selecci\u00f3n minuciosa de buena calidad y un buen precio.<\/p>\n\n\n\n<p class=\"has-medium-font-size\">Nosotros te esperamos con much\u00edsima ilusi\u00f3n en M\u00e1s Pa\u00f1ales.<\/p>\n","protected":false},"excerpt":{"rendered":"<p>El comienzo de la guarder\u00eda marca un emocionante hito en la vida de tu beb\u00e9, pero tambi\u00e9n puede venir acompa\u00f1ado de sentimientos de ansiedad tanto para los padres como para el peque\u00f1o. La preparaci\u00f3n para la separaci\u00f3n es clave para que esta transici\u00f3n sea suave y positiva para todos. Aqu\u00ed te presentamos consejos \u00fatiles para preparar a tu beb\u00e9 para esta nueva etapa.<\/p>\n","protected":false},"author":2,"featured_media":2001,"comment_status":"closed","ping_status":"closed","sticky":false,"template":"","format":"standard","meta":{"footnotes":""},"categories":[7],"tags":[],"class_list":["post-1980","post","type-post","status-publish","format-standard","has-post-thumbnail","hentry","category-consejos-para-mamas"],"_links":{"self":[{"href":"https:\/\/maspanales.com\/blog\/wp-json\/wp\/v2\/posts\/1980","targetHints":{"allow":["GET"]}}],"collection":[{"href":"https:\/\/maspanales.com\/blog\/wp-json\/wp\/v2\/posts"}],"about":[{"href":"https:\/\/maspanales.com\/blog\/wp-json\/wp\/v2\/types\/post"}],"author":[{"embeddable":true,"href":"https:\/\/maspanales.com\/blog\/wp-json\/wp\/v2\/users\/2"}],"replies":[{"embeddable":true,"href":"https:\/\/maspanales.com\/blog\/wp-json\/wp\/v2\/comments?post=1980"}],"version-history":[{"count":0,"href":"https:\/\/maspanales.com\/blog\/wp-json\/wp\/v2\/posts\/1980\/revisions"}],"wp:featuredmedia":[{"embeddable":true,"href":"https:\/\/maspanales.com\/blog\/wp-json\/wp\/v2\/media\/2001"}],"wp:attachment":[{"href":"https:\/\/maspanales.com\/blog\/wp-json\/wp\/v2\/media?parent=1980"}],"wp:term":[{"taxonomy":"category","embeddable":true,"href":"https:\/\/maspanales.com\/blog\/wp-json\/wp\/v2\/categories?post=1980"},{"taxonomy":"post_tag","embeddable":true,"href":"https:\/\/maspanales.com\/blog\/wp-json\/wp\/v2\/tags?post=1980"}],"curies":[{"name":"wp","href":"https:\/\/api.w.org\/{rel}","templated":true}]}}